{"id":989,"date":"2026-01-13T08:56:16","date_gmt":"2026-01-13T08:56:16","guid":{"rendered":"https:\/\/www.aleiarestaurant.com\/?p=989"},"modified":"2026-01-13T08:56:17","modified_gmt":"2026-01-13T08:56:17","slug":"paulo-airaudo-group","status":"publish","type":"post","link":"https:\/\/www.aleiarestaurant.com\/ca\/paulo-airaudo-group\/","title":{"rendered":"Paulo Airaudo Group"},"content":{"rendered":"\n<p>La recent distinci\u00f3 d&#8217;Aleia amb la seva segona Estrella Michelin el novembre del 2025 no \u00e9s nom\u00e9s un triomf local a Barcelona; \u00e9s consolidar un projecte internacional sense precedents. Amb aquesta nova fita el grup reafirma la seva posici\u00f3 a l&#8217;elit de la gastronomia mundial, sumant un total de 8 estrelles Michelin que il\u00b7luminen ciutats clau en tres continents.<\/p>\n\n\n\n<p>Des de Sant Sebasti\u00e0 fins a Hong Kong, passant per Barcelona, \u200b\u200bFlor\u00e8ncia, Bangkok, Chiang Mai Ven\u00e8cia, la visi\u00f3 de Paulo Airaudo es desplega en una xarxa de destinacions on l&#8217;alta cuina \u00e9s el llenguatge com\u00fa.<\/p>\n\n\n\n<h3 class=\"wp-block-heading\">El Firmament Michelin del Grup<\/h3>\n\n\n\n<p>L&#8217;excel\u00b7l\u00e8ncia de la nostra proposta es reflecteix als m\u00e0xims guardons de la Guia Roja, repartits en els nostres conceptes m\u00e9s emblem\u00e0tics:<\/p>\n\n\n\n<p>Amelia by Paulo Airaudo (Sant Sebasti\u00e0): 2 estrelles Michelin. El nostre vaixell ins\u00edgnia, un referent de t\u00e8cnica i producte al Pa\u00eds Basc.<\/p>\n\n\n\n<p>Aleia (Barcelona): 2 estrelles Michelin. La culminaci\u00f3 de l&#8217;alta cuina amb \u00e0nima andalusa al majestu\u00f3s Passeig de Gr\u00e0cia.<\/p>\n\n\n\n<p>Noi (Hong Kong): 2 estrelles Michelin. Una proposta disruptiva que trasllada l?esperit itali\u00e0 al vibrant escenari asi\u00e0tic.<\/p>\n\n\n\n<p>Ibai (Sant Sebasti\u00e0): 1 Estrella Michelin. El reconeixement a la puresa absoluta i al respecte pel rebost estacional.<\/p>\n\n\n\n<p>Luca&#8217;s (Flor\u00e8ncia): 1 Estrella Michelin. Una oda contempor\u00e0nia a la tradici\u00f3 toscana, on la identitat italiana s&#8217;enlaira amb visi\u00f3 i sensibilitat.<\/p>\n\n\n\n<h3 class=\"wp-block-heading\">Una Visi\u00f3 sense Fronteres<\/h3>\n\n\n\n<p>Sota el segell del Paulo Airaudo Group, cada obertura \u00e9s un comprom\u00eds amb la perfecci\u00f3. Ja sigui a la sofisticaci\u00f3 de Barcelona, \u200b\u200bla tradici\u00f3 d&#8217;It\u00e0lia o el dinamisme d&#8217;\u00c0sia, l&#8217;objectiu continua sent el mateix: crear experi\u00e8ncies memorables que transcendeixin la taula i posicionin cadascun dels nostres restaurants com a parades obligat\u00f2ries al mapa del luxe internacional.<\/p>\n","protected":false},"excerpt":{"rendered":"<p>La recent distinci\u00f3 d&#8217;Aleia amb la seva segona Estrella Michelin el novembre del 2025 no \u00e9s nom\u00e9s un triomf local a Barcelona; \u00e9s consolidar un projecte internacional sense precedents. Amb aquesta nova fita el grup reafirma la seva posici\u00f3 a l&#8217;elit de la gastronomia mundial, sumant un total de 8 estrelles Michelin que il\u00b7luminen ciutats [&hellip;]<\/p>\n","protected":false},"author":7,"featured_media":1012,"comment_status":"open","ping_status":"open","sticky":false,"template":"","format":"standard","meta":{"footnotes":""},"categories":[24],"tags":[],"class_list":["post-989","post","type-post","status-publish","format-standard","has-post-thumbnail","hentry","category-uncategorized-ca"],"yoast_head":"<!-- This site is optimized with the Yoast SEO plugin v26.7 - https:\/\/yoast.com\/wordpress\/plugins\/seo\/ -->\n<title>Paulo Airaudo Group - Aleia<\/title>\n<meta name=\"robots\" content=\"index, follow, max-snippet:-1, max-image-preview:large, max-video-preview:-1\" \/>\n<link rel=\"canonical\" href=\"https:\/\/www.aleiarestaurant.com\/ca\/paulo-airaudo-group\/\" \/>\n<meta property=\"og:locale\" content=\"ca_ES\" \/>\n<meta property=\"og:type\" content=\"article\" \/>\n<meta property=\"og:title\" content=\"Paulo Airaudo Group - Aleia\" \/>\n<meta property=\"og:description\" content=\"La recent distinci\u00f3 d&#8217;Aleia amb la seva segona Estrella Michelin el novembre del 2025 no \u00e9s nom\u00e9s un triomf local a Barcelona; \u00e9s consolidar un projecte internacional sense precedents. Amb aquesta nova fita el grup reafirma la seva posici\u00f3 a l&#8217;elit de la gastronomia mundial, sumant un total de 8 estrelles Michelin que il\u00b7luminen ciutats [&hellip;]\" \/>\n<meta property=\"og:url\" content=\"https:\/\/www.aleiarestaurant.com\/ca\/paulo-airaudo-group\/\" \/>\n<meta property=\"og:site_name\" content=\"Aleia\" \/>\n<meta property=\"article:published_time\" content=\"2026-01-13T08:56:16+00:00\" \/>\n<meta property=\"article:modified_time\" content=\"2026-01-13T08:56:17+00:00\" \/>\n<meta property=\"og:image\" content=\"https:\/\/www.aleiarestaurant.com\/wp-content\/uploads\/2026\/01\/paulo-bio-aleia.jpg\" \/>\n\t<meta property=\"og:image:width\" content=\"1000\" \/>\n\t<meta property=\"og:image:height\" content=\"1250\" \/>\n\t<meta property=\"og:image:type\" content=\"image\/jpeg\" \/>\n<meta name=\"author\" content=\"Paulo\" \/>\n<meta name=\"twitter:card\" content=\"summary_large_image\" \/>\n<meta name=\"twitter:label1\" content=\"Escrit per\" \/>\n\t<meta name=\"twitter:data1\" content=\"Paulo\" \/>\n\t<meta name=\"twitter:label2\" content=\"Temps estimat de lectura\" \/>\n\t<meta name=\"twitter:data2\" content=\"2 minuts\" \/>\n<script type=\"application\/ld+json\" class=\"yoast-schema-graph\">{\"@context\":\"https:\/\/schema.org\",\"@graph\":[{\"@type\":\"Article\",\"@id\":\"https:\/\/www.aleiarestaurant.com\/ca\/paulo-airaudo-group\/#article\",\"isPartOf\":{\"@id\":\"https:\/\/www.aleiarestaurant.com\/ca\/paulo-airaudo-group\/\"},\"author\":{\"name\":\"Paulo\",\"@id\":\"https:\/\/www.aleiarestaurant.com\/#\/schema\/person\/75bf79bca4fa0d0ac32977a366c56308\"},\"headline\":\"Paulo Airaudo Group\",\"datePublished\":\"2026-01-13T08:56:16+00:00\",\"dateModified\":\"2026-01-13T08:56:17+00:00\",\"mainEntityOfPage\":{\"@id\":\"https:\/\/www.aleiarestaurant.com\/ca\/paulo-airaudo-group\/\"},\"wordCount\":295,\"commentCount\":0,\"image\":{\"@id\":\"https:\/\/www.aleiarestaurant.com\/ca\/paulo-airaudo-group\/#primaryimage\"},\"thumbnailUrl\":\"https:\/\/www.aleiarestaurant.com\/wp-content\/uploads\/2026\/01\/paulo-airaudo-aleia-restaurat.jpg\",\"articleSection\":[\"Uncategorized @ca\"],\"inLanguage\":\"ca\",\"potentialAction\":[{\"@type\":\"CommentAction\",\"name\":\"Comment\",\"target\":[\"https:\/\/www.aleiarestaurant.com\/ca\/paulo-airaudo-group\/#respond\"]}]},{\"@type\":\"WebPage\",\"@id\":\"https:\/\/www.aleiarestaurant.com\/ca\/paulo-airaudo-group\/\",\"url\":\"https:\/\/www.aleiarestaurant.com\/ca\/paulo-airaudo-group\/\",\"name\":\"Paulo Airaudo Group - Aleia\",\"isPartOf\":{\"@id\":\"https:\/\/www.aleiarestaurant.com\/#website\"},\"primaryImageOfPage\":{\"@id\":\"https:\/\/www.aleiarestaurant.com\/ca\/paulo-airaudo-group\/#primaryimage\"},\"image\":{\"@id\":\"https:\/\/www.aleiarestaurant.com\/ca\/paulo-airaudo-group\/#primaryimage\"},\"thumbnailUrl\":\"https:\/\/www.aleiarestaurant.com\/wp-content\/uploads\/2026\/01\/paulo-airaudo-aleia-restaurat.jpg\",\"datePublished\":\"2026-01-13T08:56:16+00:00\",\"dateModified\":\"2026-01-13T08:56:17+00:00\",\"author\":{\"@id\":\"https:\/\/www.aleiarestaurant.com\/#\/schema\/person\/75bf79bca4fa0d0ac32977a366c56308\"},\"breadcrumb\":{\"@id\":\"https:\/\/www.aleiarestaurant.com\/ca\/paulo-airaudo-group\/#breadcrumb\"},\"inLanguage\":\"ca\",\"potentialAction\":[{\"@type\":\"ReadAction\",\"target\":[\"https:\/\/www.aleiarestaurant.com\/ca\/paulo-airaudo-group\/\"]}]},{\"@type\":\"ImageObject\",\"inLanguage\":\"ca\",\"@id\":\"https:\/\/www.aleiarestaurant.com\/ca\/paulo-airaudo-group\/#primaryimage\",\"url\":\"https:\/\/www.aleiarestaurant.com\/wp-content\/uploads\/2026\/01\/paulo-airaudo-aleia-restaurat.jpg\",\"contentUrl\":\"https:\/\/www.aleiarestaurant.com\/wp-content\/uploads\/2026\/01\/paulo-airaudo-aleia-restaurat.jpg\",\"width\":667,\"height\":1000},{\"@type\":\"BreadcrumbList\",\"@id\":\"https:\/\/www.aleiarestaurant.com\/ca\/paulo-airaudo-group\/#breadcrumb\",\"itemListElement\":[{\"@type\":\"ListItem\",\"position\":1,\"name\":\"Home\",\"item\":\"https:\/\/www.aleiarestaurant.com\/ca\/\"},{\"@type\":\"ListItem\",\"position\":2,\"name\":\"Paulo Airaudo Group\"}]},{\"@type\":\"WebSite\",\"@id\":\"https:\/\/www.aleiarestaurant.com\/#website\",\"url\":\"https:\/\/www.aleiarestaurant.com\/\",\"name\":\"Aleia\",\"description\":\"Restaurant in Barcelona\",\"potentialAction\":[{\"@type\":\"SearchAction\",\"target\":{\"@type\":\"EntryPoint\",\"urlTemplate\":\"https:\/\/www.aleiarestaurant.com\/?s={search_term_string}\"},\"query-input\":{\"@type\":\"PropertyValueSpecification\",\"valueRequired\":true,\"valueName\":\"search_term_string\"}}],\"inLanguage\":\"ca\"},{\"@type\":\"Person\",\"@id\":\"https:\/\/www.aleiarestaurant.com\/#\/schema\/person\/75bf79bca4fa0d0ac32977a366c56308\",\"name\":\"Paulo\",\"image\":{\"@type\":\"ImageObject\",\"inLanguage\":\"ca\",\"@id\":\"https:\/\/www.aleiarestaurant.com\/#\/schema\/person\/image\/\",\"url\":\"https:\/\/secure.gravatar.com\/avatar\/aefc464d4d2e40ea599773c367449cd6a7a06bb12988a8333f3caea8ae1345b7?s=96&d=mm&r=g\",\"contentUrl\":\"https:\/\/secure.gravatar.com\/avatar\/aefc464d4d2e40ea599773c367449cd6a7a06bb12988a8333f3caea8ae1345b7?s=96&d=mm&r=g\",\"caption\":\"Paulo\"},\"url\":\"https:\/\/www.aleiarestaurant.com\/ca\/author\/paulo\/\"}]}<\/script>\n<!-- \/ Yoast SEO plugin. -->","yoast_head_json":{"title":"Paulo Airaudo Group - Aleia","robots":{"index":"index","follow":"follow","max-snippet":"max-snippet:-1","max-image-preview":"max-image-preview:large","max-video-preview":"max-video-preview:-1"},"canonical":"https:\/\/www.aleiarestaurant.com\/ca\/paulo-airaudo-group\/","og_locale":"ca_ES","og_type":"article","og_title":"Paulo Airaudo Group - Aleia","og_description":"La recent distinci\u00f3 d&#8217;Aleia amb la seva segona Estrella Michelin el novembre del 2025 no \u00e9s nom\u00e9s un triomf local a Barcelona; \u00e9s consolidar un projecte internacional sense precedents. Amb aquesta nova fita el grup reafirma la seva posici\u00f3 a l&#8217;elit de la gastronomia mundial, sumant un total de 8 estrelles Michelin que il\u00b7luminen ciutats [&hellip;]","og_url":"https:\/\/www.aleiarestaurant.com\/ca\/paulo-airaudo-group\/","og_site_name":"Aleia","article_published_time":"2026-01-13T08:56:16+00:00","article_modified_time":"2026-01-13T08:56:17+00:00","og_image":[{"width":1000,"height":1250,"url":"https:\/\/www.aleiarestaurant.com\/wp-content\/uploads\/2026\/01\/paulo-bio-aleia.jpg","type":"image\/jpeg"}],"author":"Paulo","twitter_card":"summary_large_image","twitter_misc":{"Escrit per":"Paulo","Temps estimat de lectura":"2 minuts"},"schema":{"@context":"https:\/\/schema.org","@graph":[{"@type":"Article","@id":"https:\/\/www.aleiarestaurant.com\/ca\/paulo-airaudo-group\/#article","isPartOf":{"@id":"https:\/\/www.aleiarestaurant.com\/ca\/paulo-airaudo-group\/"},"author":{"name":"Paulo","@id":"https:\/\/www.aleiarestaurant.com\/#\/schema\/person\/75bf79bca4fa0d0ac32977a366c56308"},"headline":"Paulo Airaudo Group","datePublished":"2026-01-13T08:56:16+00:00","dateModified":"2026-01-13T08:56:17+00:00","mainEntityOfPage":{"@id":"https:\/\/www.aleiarestaurant.com\/ca\/paulo-airaudo-group\/"},"wordCount":295,"commentCount":0,"image":{"@id":"https:\/\/www.aleiarestaurant.com\/ca\/paulo-airaudo-group\/#primaryimage"},"thumbnailUrl":"https:\/\/www.aleiarestaurant.com\/wp-content\/uploads\/2026\/01\/paulo-airaudo-aleia-restaurat.jpg","articleSection":["Uncategorized @ca"],"inLanguage":"ca","potentialAction":[{"@type":"CommentAction","name":"Comment","target":["https:\/\/www.aleiarestaurant.com\/ca\/paulo-airaudo-group\/#respond"]}]},{"@type":"WebPage","@id":"https:\/\/www.aleiarestaurant.com\/ca\/paulo-airaudo-group\/","url":"https:\/\/www.aleiarestaurant.com\/ca\/paulo-airaudo-group\/","name":"Paulo Airaudo Group - Aleia","isPartOf":{"@id":"https:\/\/www.aleiarestaurant.com\/#website"},"primaryImageOfPage":{"@id":"https:\/\/www.aleiarestaurant.com\/ca\/paulo-airaudo-group\/#primaryimage"},"image":{"@id":"https:\/\/www.aleiarestaurant.com\/ca\/paulo-airaudo-group\/#primaryimage"},"thumbnailUrl":"https:\/\/www.aleiarestaurant.com\/wp-content\/uploads\/2026\/01\/paulo-airaudo-aleia-restaurat.jpg","datePublished":"2026-01-13T08:56:16+00:00","dateModified":"2026-01-13T08:56:17+00:00","author":{"@id":"https:\/\/www.aleiarestaurant.com\/#\/schema\/person\/75bf79bca4fa0d0ac32977a366c56308"},"breadcrumb":{"@id":"https:\/\/www.aleiarestaurant.com\/ca\/paulo-airaudo-group\/#breadcrumb"},"inLanguage":"ca","potentialAction":[{"@type":"ReadAction","target":["https:\/\/www.aleiarestaurant.com\/ca\/paulo-airaudo-group\/"]}]},{"@type":"ImageObject","inLanguage":"ca","@id":"https:\/\/www.aleiarestaurant.com\/ca\/paulo-airaudo-group\/#primaryimage","url":"https:\/\/www.aleiarestaurant.com\/wp-content\/uploads\/2026\/01\/paulo-airaudo-aleia-restaurat.jpg","contentUrl":"https:\/\/www.aleiarestaurant.com\/wp-content\/uploads\/2026\/01\/paulo-airaudo-aleia-restaurat.jpg","width":667,"height":1000},{"@type":"BreadcrumbList","@id":"https:\/\/www.aleiarestaurant.com\/ca\/paulo-airaudo-group\/#breadcrumb","itemListElement":[{"@type":"ListItem","position":1,"name":"Home","item":"https:\/\/www.aleiarestaurant.com\/ca\/"},{"@type":"ListItem","position":2,"name":"Paulo Airaudo Group"}]},{"@type":"WebSite","@id":"https:\/\/www.aleiarestaurant.com\/#website","url":"https:\/\/www.aleiarestaurant.com\/","name":"Aleia","description":"Restaurant in Barcelona","potentialAction":[{"@type":"SearchAction","target":{"@type":"EntryPoint","urlTemplate":"https:\/\/www.aleiarestaurant.com\/?s={search_term_string}"},"query-input":{"@type":"PropertyValueSpecification","valueRequired":true,"valueName":"search_term_string"}}],"inLanguage":"ca"},{"@type":"Person","@id":"https:\/\/www.aleiarestaurant.com\/#\/schema\/person\/75bf79bca4fa0d0ac32977a366c56308","name":"Paulo","image":{"@type":"ImageObject","inLanguage":"ca","@id":"https:\/\/www.aleiarestaurant.com\/#\/schema\/person\/image\/","url":"https:\/\/secure.gravatar.com\/avatar\/aefc464d4d2e40ea599773c367449cd6a7a06bb12988a8333f3caea8ae1345b7?s=96&d=mm&r=g","contentUrl":"https:\/\/secure.gravatar.com\/avatar\/aefc464d4d2e40ea599773c367449cd6a7a06bb12988a8333f3caea8ae1345b7?s=96&d=mm&r=g","caption":"Paulo"},"url":"https:\/\/www.aleiarestaurant.com\/ca\/author\/paulo\/"}]}},"_links":{"self":[{"href":"https:\/\/www.aleiarestaurant.com\/ca\/wp-json\/wp\/v2\/posts\/989","targetHints":{"allow":["GET"]}}],"collection":[{"href":"https:\/\/www.aleiarestaurant.com\/ca\/wp-json\/wp\/v2\/posts"}],"about":[{"href":"https:\/\/www.aleiarestaurant.com\/ca\/wp-json\/wp\/v2\/types\/post"}],"author":[{"embeddable":true,"href":"https:\/\/www.aleiarestaurant.com\/ca\/wp-json\/wp\/v2\/users\/7"}],"replies":[{"embeddable":true,"href":"https:\/\/www.aleiarestaurant.com\/ca\/wp-json\/wp\/v2\/comments?post=989"}],"version-history":[{"count":1,"href":"https:\/\/www.aleiarestaurant.com\/ca\/wp-json\/wp\/v2\/posts\/989\/revisions"}],"predecessor-version":[{"id":990,"href":"https:\/\/www.aleiarestaurant.com\/ca\/wp-json\/wp\/v2\/posts\/989\/revisions\/990"}],"wp:featuredmedia":[{"embeddable":true,"href":"https:\/\/www.aleiarestaurant.com\/ca\/wp-json\/wp\/v2\/media\/1012"}],"wp:attachment":[{"href":"https:\/\/www.aleiarestaurant.com\/ca\/wp-json\/wp\/v2\/media?parent=989"}],"wp:term":[{"taxonomy":"category","embeddable":true,"href":"https:\/\/www.aleiarestaurant.com\/ca\/wp-json\/wp\/v2\/categories?post=989"},{"taxonomy":"post_tag","embeddable":true,"href":"https:\/\/www.aleiarestaurant.com\/ca\/wp-json\/wp\/v2\/tags?post=989"}],"curies":[{"name":"wp","href":"https:\/\/api.w.org\/{rel}","templated":true}]}}