{"id":996,"date":"2026-01-13T09:25:24","date_gmt":"2026-01-13T09:25:24","guid":{"rendered":"https:\/\/www.aleiarestaurant.com\/?p=996"},"modified":"2026-01-13T09:25:24","modified_gmt":"2026-01-13T09:25:24","slug":"menu-degustacio","status":"publish","type":"post","link":"https:\/\/www.aleiarestaurant.com\/ca\/menu-degustacio\/","title":{"rendered":"Men\u00fa Degustaci\u00f3"},"content":{"rendered":"\n<h3 class=\"wp-block-heading\">Un Di\u00e0leg entre el Sud i la Mediterr\u00e0nia<\/h3>\n\n\n\n<p>A Aleia, el men\u00fa degustaci\u00f3 no \u00e9s nom\u00e9s una successi\u00f3 de plats; \u00e9s una narrativa sensorial que uneix els dos mons dels nostres xefs. Aqu\u00ed, l&#8217;eleg\u00e0ncia del producte mediterrani es troba amb la intensitat i l&#8217;\u00e0nima de la cuina andalusa, creant una proposta de dues estrelles Michelin que destaca per la seva puresa, t\u00e8cnica i equilibri.<\/p>\n\n\n\n<h3 class=\"wp-block-heading\">Qu\u00e8 cal esperar de l&#8217;experi\u00e8ncia Aleia?<\/h3>\n\n\n\n<p>El nostre recorregut gastron\u00f2mic est\u00e0 dissenyat per sorprendre a trav\u00e9s de la temporalitat i el respecte absolut a la primera mat\u00e8ria. En asseure&#8217;s a la nostra taula, el comensal s&#8217;embarca en un viatge que es defineix per:<\/p>\n\n\n\n<p>L&#8217;Her\u00e8ncia del Sud: Les picades d&#8217;ullet a les arrels de Jerez i Cadis s\u00f3n presents en cada pas. Des de l&#8217;\u00fas magistral dels vins generosos (amuntegats i fins) a les salses, fins a fons profunds que evoquen guisats tradicionals reinterpretats amb una finor contempor\u00e0nia.<\/p>\n\n\n\n<p>El Mar com a Protagonista: El men\u00fa rendeix pleitesia al producte mar\u00ed de m\u00e0xima qualitat. Espereu trobar la sedositat de la gamba vermella, la pot\u00e8ncia de la tonyina vermella d&#8217;almadraba o la delicadesa dels peixos de roca, sempre tractats amb punts de cocci\u00f3 mil\u00b7lim\u00e8trics.<\/p>\n\n\n\n<p>T\u00e8cnica i Est\u00e8tica: Cada plat \u00e9s una pe\u00e7a de precisi\u00f3 t\u00e8cnica. Les nostres salses i emulsions \u2014com els gasa-pachuelos infusionats o les mantega blanca d&#8217;autor\u2014 s\u00f3n el fil conductor que atorga coher\u00e8ncia i eleg\u00e0ncia a tot el men\u00fa.<\/p>\n\n\n\n<p>El Dol\u00e7 Final: La transici\u00f3 a les postres mant\u00e9 el mateix nivell de sofisticaci\u00f3, amb creacions que juguen amb textures lleugeres, notes c\u00edtriques i matisos mediterranis per tancar l&#8217;experi\u00e8ncia amb frescor.<\/p>\n\n\n\n<h3 class=\"wp-block-heading\">El Maridatge: L&#8217;Art d&#8217;Acompanyar<\/h3>\n\n\n\n<p>El celler d&#8217;Aleia \u00e9s una extensi\u00f3 de la nostra cuina. Oferim una curada selecci\u00f3 d&#8217;etiquetes nacionals i internacionals, amb una atenci\u00f3 especial als vins del Marc de Jerez, que harmonitzen a la perfecci\u00f3 amb la pot\u00e8ncia dels nostres plats. Aix\u00ed mateix, disposem d\u00b4una innovadora proposta de maridatge sense alcohol, basada en vins desalcoholitzats i begudes fermentades.<\/p>\n\n\n\n<p>\u00abUna cuina que clava les t\u00e8cniques, respecta els temps i on cada mos \u00e9s un pont entre Andalusia i Catalunya.\u00bb<\/p>\n","protected":false},"excerpt":{"rendered":"<p>Un Di\u00e0leg entre el Sud i la Mediterr\u00e0nia A Aleia, el men\u00fa degustaci\u00f3 no \u00e9s nom\u00e9s una successi\u00f3 de plats; \u00e9s una narrativa sensorial que uneix els dos mons dels nostres xefs. Aqu\u00ed, l&#8217;eleg\u00e0ncia del producte mediterrani es troba amb la intensitat i l&#8217;\u00e0nima de la cuina andalusa, creant una proposta de dues estrelles Michelin [&hellip;]<\/p>\n","protected":false},"author":7,"featured_media":681,"comment_status":"open","ping_status":"open","sticky":false,"template":"","format":"standard","meta":{"footnotes":""},"categories":[24],"tags":[],"class_list":["post-996","post","type-post","status-publish","format-standard","has-post-thumbnail","hentry","category-uncategorized-ca"],"yoast_head":"<!-- This site is optimized with the Yoast SEO plugin v26.7 - https:\/\/yoast.com\/wordpress\/plugins\/seo\/ -->\n<title>Men\u00fa Degustaci\u00f3 - Aleia<\/title>\n<meta name=\"robots\" content=\"index, follow, max-snippet:-1, max-image-preview:large, max-video-preview:-1\" \/>\n<link rel=\"canonical\" href=\"https:\/\/www.aleiarestaurant.com\/ca\/menu-degustacio\/\" \/>\n<meta property=\"og:locale\" content=\"ca_ES\" \/>\n<meta property=\"og:type\" content=\"article\" \/>\n<meta property=\"og:title\" content=\"Men\u00fa Degustaci\u00f3 - Aleia\" \/>\n<meta property=\"og:description\" content=\"Un Di\u00e0leg entre el Sud i la Mediterr\u00e0nia A Aleia, el men\u00fa degustaci\u00f3 no \u00e9s nom\u00e9s una successi\u00f3 de plats; \u00e9s una narrativa sensorial que uneix els dos mons dels nostres xefs. Aqu\u00ed, l&#8217;eleg\u00e0ncia del producte mediterrani es troba amb la intensitat i l&#8217;\u00e0nima de la cuina andalusa, creant una proposta de dues estrelles Michelin [&hellip;]\" \/>\n<meta property=\"og:url\" content=\"https:\/\/www.aleiarestaurant.com\/ca\/menu-degustacio\/\" \/>\n<meta property=\"og:site_name\" content=\"Aleia\" \/>\n<meta property=\"article:published_time\" content=\"2026-01-13T09:25:24+00:00\" \/>\n<meta property=\"og:image\" content=\"https:\/\/www.aleiarestaurant.com\/wp-content\/uploads\/2025\/12\/aleia-restaurant-barcelona-2-estrellas-michelin_0010_image00005.jpg\" \/>\n\t<meta property=\"og:image:width\" content=\"1179\" \/>\n\t<meta property=\"og:image:height\" content=\"1494\" \/>\n\t<meta property=\"og:image:type\" content=\"image\/jpeg\" \/>\n<meta name=\"author\" content=\"Paulo\" \/>\n<meta name=\"twitter:card\" content=\"summary_large_image\" \/>\n<meta name=\"twitter:label1\" content=\"Escrit per\" \/>\n\t<meta name=\"twitter:data1\" content=\"Paulo\" \/>\n\t<meta name=\"twitter:label2\" content=\"Temps estimat de lectura\" \/>\n\t<meta name=\"twitter:data2\" content=\"2 minuts\" \/>\n<script type=\"application\/ld+json\" class=\"yoast-schema-graph\">{\"@context\":\"https:\/\/schema.org\",\"@graph\":[{\"@type\":\"Article\",\"@id\":\"https:\/\/www.aleiarestaurant.com\/ca\/menu-degustacio\/#article\",\"isPartOf\":{\"@id\":\"https:\/\/www.aleiarestaurant.com\/ca\/menu-degustacio\/\"},\"author\":{\"name\":\"Paulo\",\"@id\":\"https:\/\/www.aleiarestaurant.com\/#\/schema\/person\/75bf79bca4fa0d0ac32977a366c56308\"},\"headline\":\"Men\u00fa Degustaci\u00f3\",\"datePublished\":\"2026-01-13T09:25:24+00:00\",\"mainEntityOfPage\":{\"@id\":\"https:\/\/www.aleiarestaurant.com\/ca\/menu-degustacio\/\"},\"wordCount\":376,\"commentCount\":0,\"image\":{\"@id\":\"https:\/\/www.aleiarestaurant.com\/ca\/menu-degustacio\/#primaryimage\"},\"thumbnailUrl\":\"https:\/\/www.aleiarestaurant.com\/wp-content\/uploads\/2025\/12\/aleia-restaurant-barcelona-2-estrellas-michelin_0010_image00005.jpg\",\"articleSection\":[\"Uncategorized @ca\"],\"inLanguage\":\"ca\",\"potentialAction\":[{\"@type\":\"CommentAction\",\"name\":\"Comment\",\"target\":[\"https:\/\/www.aleiarestaurant.com\/ca\/menu-degustacio\/#respond\"]}]},{\"@type\":\"WebPage\",\"@id\":\"https:\/\/www.aleiarestaurant.com\/ca\/menu-degustacio\/\",\"url\":\"https:\/\/www.aleiarestaurant.com\/ca\/menu-degustacio\/\",\"name\":\"Men\u00fa Degustaci\u00f3 - Aleia\",\"isPartOf\":{\"@id\":\"https:\/\/www.aleiarestaurant.com\/#website\"},\"primaryImageOfPage\":{\"@id\":\"https:\/\/www.aleiarestaurant.com\/ca\/menu-degustacio\/#primaryimage\"},\"image\":{\"@id\":\"https:\/\/www.aleiarestaurant.com\/ca\/menu-degustacio\/#primaryimage\"},\"thumbnailUrl\":\"https:\/\/www.aleiarestaurant.com\/wp-content\/uploads\/2025\/12\/aleia-restaurant-barcelona-2-estrellas-michelin_0010_image00005.jpg\",\"datePublished\":\"2026-01-13T09:25:24+00:00\",\"author\":{\"@id\":\"https:\/\/www.aleiarestaurant.com\/#\/schema\/person\/75bf79bca4fa0d0ac32977a366c56308\"},\"breadcrumb\":{\"@id\":\"https:\/\/www.aleiarestaurant.com\/ca\/menu-degustacio\/#breadcrumb\"},\"inLanguage\":\"ca\",\"potentialAction\":[{\"@type\":\"ReadAction\",\"target\":[\"https:\/\/www.aleiarestaurant.com\/ca\/menu-degustacio\/\"]}]},{\"@type\":\"ImageObject\",\"inLanguage\":\"ca\",\"@id\":\"https:\/\/www.aleiarestaurant.com\/ca\/menu-degustacio\/#primaryimage\",\"url\":\"https:\/\/www.aleiarestaurant.com\/wp-content\/uploads\/2025\/12\/aleia-restaurant-barcelona-2-estrellas-michelin_0010_image00005.jpg\",\"contentUrl\":\"https:\/\/www.aleiarestaurant.com\/wp-content\/uploads\/2025\/12\/aleia-restaurant-barcelona-2-estrellas-michelin_0010_image00005.jpg\",\"width\":1179,\"height\":1494},{\"@type\":\"BreadcrumbList\",\"@id\":\"https:\/\/www.aleiarestaurant.com\/ca\/menu-degustacio\/#breadcrumb\",\"itemListElement\":[{\"@type\":\"ListItem\",\"position\":1,\"name\":\"Home\",\"item\":\"https:\/\/www.aleiarestaurant.com\/ca\/\"},{\"@type\":\"ListItem\",\"position\":2,\"name\":\"Men\u00fa Degustaci\u00f3\"}]},{\"@type\":\"WebSite\",\"@id\":\"https:\/\/www.aleiarestaurant.com\/#website\",\"url\":\"https:\/\/www.aleiarestaurant.com\/\",\"name\":\"Aleia\",\"description\":\"Restaurant in Barcelona\",\"potentialAction\":[{\"@type\":\"SearchAction\",\"target\":{\"@type\":\"EntryPoint\",\"urlTemplate\":\"https:\/\/www.aleiarestaurant.com\/?s={search_term_string}\"},\"query-input\":{\"@type\":\"PropertyValueSpecification\",\"valueRequired\":true,\"valueName\":\"search_term_string\"}}],\"inLanguage\":\"ca\"},{\"@type\":\"Person\",\"@id\":\"https:\/\/www.aleiarestaurant.com\/#\/schema\/person\/75bf79bca4fa0d0ac32977a366c56308\",\"name\":\"Paulo\",\"image\":{\"@type\":\"ImageObject\",\"inLanguage\":\"ca\",\"@id\":\"https:\/\/www.aleiarestaurant.com\/#\/schema\/person\/image\/\",\"url\":\"https:\/\/secure.gravatar.com\/avatar\/aefc464d4d2e40ea599773c367449cd6a7a06bb12988a8333f3caea8ae1345b7?s=96&d=mm&r=g\",\"contentUrl\":\"https:\/\/secure.gravatar.com\/avatar\/aefc464d4d2e40ea599773c367449cd6a7a06bb12988a8333f3caea8ae1345b7?s=96&d=mm&r=g\",\"caption\":\"Paulo\"},\"url\":\"https:\/\/www.aleiarestaurant.com\/ca\/author\/paulo\/\"}]}<\/script>\n<!-- \/ Yoast SEO plugin. -->","yoast_head_json":{"title":"Men\u00fa Degustaci\u00f3 - Aleia","robots":{"index":"index","follow":"follow","max-snippet":"max-snippet:-1","max-image-preview":"max-image-preview:large","max-video-preview":"max-video-preview:-1"},"canonical":"https:\/\/www.aleiarestaurant.com\/ca\/menu-degustacio\/","og_locale":"ca_ES","og_type":"article","og_title":"Men\u00fa Degustaci\u00f3 - Aleia","og_description":"Un Di\u00e0leg entre el Sud i la Mediterr\u00e0nia A Aleia, el men\u00fa degustaci\u00f3 no \u00e9s nom\u00e9s una successi\u00f3 de plats; \u00e9s una narrativa sensorial que uneix els dos mons dels nostres xefs. Aqu\u00ed, l&#8217;eleg\u00e0ncia del producte mediterrani es troba amb la intensitat i l&#8217;\u00e0nima de la cuina andalusa, creant una proposta de dues estrelles Michelin [&hellip;]","og_url":"https:\/\/www.aleiarestaurant.com\/ca\/menu-degustacio\/","og_site_name":"Aleia","article_published_time":"2026-01-13T09:25:24+00:00","og_image":[{"width":1179,"height":1494,"url":"https:\/\/www.aleiarestaurant.com\/wp-content\/uploads\/2025\/12\/aleia-restaurant-barcelona-2-estrellas-michelin_0010_image00005.jpg","type":"image\/jpeg"}],"author":"Paulo","twitter_card":"summary_large_image","twitter_misc":{"Escrit per":"Paulo","Temps estimat de lectura":"2 minuts"},"schema":{"@context":"https:\/\/schema.org","@graph":[{"@type":"Article","@id":"https:\/\/www.aleiarestaurant.com\/ca\/menu-degustacio\/#article","isPartOf":{"@id":"https:\/\/www.aleiarestaurant.com\/ca\/menu-degustacio\/"},"author":{"name":"Paulo","@id":"https:\/\/www.aleiarestaurant.com\/#\/schema\/person\/75bf79bca4fa0d0ac32977a366c56308"},"headline":"Men\u00fa Degustaci\u00f3","datePublished":"2026-01-13T09:25:24+00:00","mainEntityOfPage":{"@id":"https:\/\/www.aleiarestaurant.com\/ca\/menu-degustacio\/"},"wordCount":376,"commentCount":0,"image":{"@id":"https:\/\/www.aleiarestaurant.com\/ca\/menu-degustacio\/#primaryimage"},"thumbnailUrl":"https:\/\/www.aleiarestaurant.com\/wp-content\/uploads\/2025\/12\/aleia-restaurant-barcelona-2-estrellas-michelin_0010_image00005.jpg","articleSection":["Uncategorized @ca"],"inLanguage":"ca","potentialAction":[{"@type":"CommentAction","name":"Comment","target":["https:\/\/www.aleiarestaurant.com\/ca\/menu-degustacio\/#respond"]}]},{"@type":"WebPage","@id":"https:\/\/www.aleiarestaurant.com\/ca\/menu-degustacio\/","url":"https:\/\/www.aleiarestaurant.com\/ca\/menu-degustacio\/","name":"Men\u00fa Degustaci\u00f3 - Aleia","isPartOf":{"@id":"https:\/\/www.aleiarestaurant.com\/#website"},"primaryImageOfPage":{"@id":"https:\/\/www.aleiarestaurant.com\/ca\/menu-degustacio\/#primaryimage"},"image":{"@id":"https:\/\/www.aleiarestaurant.com\/ca\/menu-degustacio\/#primaryimage"},"thumbnailUrl":"https:\/\/www.aleiarestaurant.com\/wp-content\/uploads\/2025\/12\/aleia-restaurant-barcelona-2-estrellas-michelin_0010_image00005.jpg","datePublished":"2026-01-13T09:25:24+00:00","author":{"@id":"https:\/\/www.aleiarestaurant.com\/#\/schema\/person\/75bf79bca4fa0d0ac32977a366c56308"},"breadcrumb":{"@id":"https:\/\/www.aleiarestaurant.com\/ca\/menu-degustacio\/#breadcrumb"},"inLanguage":"ca","potentialAction":[{"@type":"ReadAction","target":["https:\/\/www.aleiarestaurant.com\/ca\/menu-degustacio\/"]}]},{"@type":"ImageObject","inLanguage":"ca","@id":"https:\/\/www.aleiarestaurant.com\/ca\/menu-degustacio\/#primaryimage","url":"https:\/\/www.aleiarestaurant.com\/wp-content\/uploads\/2025\/12\/aleia-restaurant-barcelona-2-estrellas-michelin_0010_image00005.jpg","contentUrl":"https:\/\/www.aleiarestaurant.com\/wp-content\/uploads\/2025\/12\/aleia-restaurant-barcelona-2-estrellas-michelin_0010_image00005.jpg","width":1179,"height":1494},{"@type":"BreadcrumbList","@id":"https:\/\/www.aleiarestaurant.com\/ca\/menu-degustacio\/#breadcrumb","itemListElement":[{"@type":"ListItem","position":1,"name":"Home","item":"https:\/\/www.aleiarestaurant.com\/ca\/"},{"@type":"ListItem","position":2,"name":"Men\u00fa Degustaci\u00f3"}]},{"@type":"WebSite","@id":"https:\/\/www.aleiarestaurant.com\/#website","url":"https:\/\/www.aleiarestaurant.com\/","name":"Aleia","description":"Restaurant in Barcelona","potentialAction":[{"@type":"SearchAction","target":{"@type":"EntryPoint","urlTemplate":"https:\/\/www.aleiarestaurant.com\/?s={search_term_string}"},"query-input":{"@type":"PropertyValueSpecification","valueRequired":true,"valueName":"search_term_string"}}],"inLanguage":"ca"},{"@type":"Person","@id":"https:\/\/www.aleiarestaurant.com\/#\/schema\/person\/75bf79bca4fa0d0ac32977a366c56308","name":"Paulo","image":{"@type":"ImageObject","inLanguage":"ca","@id":"https:\/\/www.aleiarestaurant.com\/#\/schema\/person\/image\/","url":"https:\/\/secure.gravatar.com\/avatar\/aefc464d4d2e40ea599773c367449cd6a7a06bb12988a8333f3caea8ae1345b7?s=96&d=mm&r=g","contentUrl":"https:\/\/secure.gravatar.com\/avatar\/aefc464d4d2e40ea599773c367449cd6a7a06bb12988a8333f3caea8ae1345b7?s=96&d=mm&r=g","caption":"Paulo"},"url":"https:\/\/www.aleiarestaurant.com\/ca\/author\/paulo\/"}]}},"_links":{"self":[{"href":"https:\/\/www.aleiarestaurant.com\/ca\/wp-json\/wp\/v2\/posts\/996","targetHints":{"allow":["GET"]}}],"collection":[{"href":"https:\/\/www.aleiarestaurant.com\/ca\/wp-json\/wp\/v2\/posts"}],"about":[{"href":"https:\/\/www.aleiarestaurant.com\/ca\/wp-json\/wp\/v2\/types\/post"}],"author":[{"embeddable":true,"href":"https:\/\/www.aleiarestaurant.com\/ca\/wp-json\/wp\/v2\/users\/7"}],"replies":[{"embeddable":true,"href":"https:\/\/www.aleiarestaurant.com\/ca\/wp-json\/wp\/v2\/comments?post=996"}],"version-history":[{"count":1,"href":"https:\/\/www.aleiarestaurant.com\/ca\/wp-json\/wp\/v2\/posts\/996\/revisions"}],"predecessor-version":[{"id":997,"href":"https:\/\/www.aleiarestaurant.com\/ca\/wp-json\/wp\/v2\/posts\/996\/revisions\/997"}],"wp:featuredmedia":[{"embeddable":true,"href":"https:\/\/www.aleiarestaurant.com\/ca\/wp-json\/wp\/v2\/media\/681"}],"wp:attachment":[{"href":"https:\/\/www.aleiarestaurant.com\/ca\/wp-json\/wp\/v2\/media?parent=996"}],"wp:term":[{"taxonomy":"category","embeddable":true,"href":"https:\/\/www.aleiarestaurant.com\/ca\/wp-json\/wp\/v2\/categories?post=996"},{"taxonomy":"post_tag","embeddable":true,"href":"https:\/\/www.aleiarestaurant.com\/ca\/wp-json\/wp\/v2\/tags?post=996"}],"curies":[{"name":"wp","href":"https:\/\/api.w.org\/{rel}","templated":true}]}}