{"id":987,"date":"2026-01-13T08:53:56","date_gmt":"2026-01-13T08:53:56","guid":{"rendered":"https:\/\/www.aleiarestaurant.com\/?p=987"},"modified":"2026-01-13T08:53:57","modified_gmt":"2026-01-13T08:53:57","slug":"el-hotel","status":"publish","type":"post","link":"https:\/\/www.aleiarestaurant.com\/ca\/el-hotel\/","title":{"rendered":"El Hotel"},"content":{"rendered":"\n<p>L&#8217;Hotel Casa Fuster 5\u2605 Gran Luxe \u00e9s molt m\u00e9s que un allotjament de prestigi; \u00e9s un monument a la hist\u00f2ria de Barcelona. Situat a la part alta del Passeig de Gr\u00e0cia, aquest edifici va ser projectat el 1911 per l&#8217;arquitecte Llu\u00eds Dom\u00e8nech i Montaner. Va ser un enc\u00e0rrec de l&#8217;empresari Mariano Fuster com a regal per a la seva dona, Consuelo Fabra i Puig, filla del Marqu\u00e8s d&#8217;Alella, del llinatge del qual neix el nom del nostre restaurant: Aleia. Considerat a la seva \u00e8poca com l&#8217;edifici m\u00e9s cost\u00f3s de la ciutat per la seva fa\u00e7ana de marbre blanc de Carrara i la seva exquisida ornamentaci\u00f3, avui \u00e9s un s\u00edmbol indiscutible del patrimoni modernista mundial.<\/p>\n\n\n\n<p>Despr\u00e9s d&#8217;una rehabilitaci\u00f3 meticulosa que va respectar cada detall de la seva estructura original, el palau es va transformar en un hotel de cinc estrelles gran luxe que conserva la grandesa de la burgesia catalana de principis del segle XX. L\u00b4interiorisme combina l\u00b4estil art d\u00e9co amb la calidesa dels materials nobles, oferint un ambient d\u00b4exclusivitat i calma que el diferencia de qualsevol altre establiment a la ciutat Comtal. Passejar pels salons o contemplar els capitells esculpits \u00e9s fer un viatge al passat daurat de l&#8217;arquitectura europea sense sortir de l&#8217;avinguda m\u00e9s glamurosa de Barcelona.<\/p>\n\n\n\n<p>L&#8217;experi\u00e8ncia culmina a la primera planta, a l&#8217;antiga zona noble del palau, on hi ha Aleia Restaurant. Menjar en aquest espai significa submergir-se en l&#8217;ess\u00e8ncia del modernisme mentre es gaudeix d&#8217;una proposta amb dues estrelles Michelin. Els sostres alts, l&#8217;ebenisteria original i els grans finestrals amb vista al Passeig de Gr\u00e0cia creen una atmosfera inigualable. Aqu\u00ed, el comensal no nom\u00e9s gaudeix de l&#8217;alta cuina de Rafa de Bedoya i Paulo Airaudo, sin\u00f3 que es converteix en part de la hist\u00f2ria viva de l&#8217;edifici, envoltat d&#8217;una bellesa arquitect\u00f2nica que eleva cada mossegada a una viv\u00e8ncia cultural inoblidable.<\/p>\n","protected":false},"excerpt":{"rendered":"<p>L&#8217;Hotel Casa Fuster 5\u2605 Gran Luxe \u00e9s molt m\u00e9s que un allotjament de prestigi; \u00e9s un monument a la hist\u00f2ria de Barcelona. Situat a la part alta del Passeig de Gr\u00e0cia, aquest edifici va ser projectat el 1911 per l&#8217;arquitecte Llu\u00eds Dom\u00e8nech i Montaner. Va ser un enc\u00e0rrec de l&#8217;empresari Mariano Fuster com a regal [&hellip;]<\/p>\n","protected":false},"author":7,"featured_media":761,"comment_status":"open","ping_status":"open","sticky":false,"template":"","format":"standard","meta":{"footnotes":""},"categories":[24],"tags":[],"class_list":["post-987","post","type-post","status-publish","format-standard","has-post-thumbnail","hentry","category-uncategorized-ca"],"yoast_head":"<!-- This site is optimized with the Yoast SEO plugin v26.7 - https:\/\/yoast.com\/wordpress\/plugins\/seo\/ -->\n<title>El Hotel - Aleia<\/title>\n<meta name=\"robots\" content=\"index, follow, max-snippet:-1, max-image-preview:large, max-video-preview:-1\" \/>\n<link rel=\"canonical\" href=\"https:\/\/www.aleiarestaurant.com\/ca\/el-hotel\/\" \/>\n<meta property=\"og:locale\" content=\"ca_ES\" \/>\n<meta property=\"og:type\" content=\"article\" \/>\n<meta property=\"og:title\" content=\"El Hotel - Aleia\" \/>\n<meta property=\"og:description\" content=\"L&#8217;Hotel Casa Fuster 5\u2605 Gran Luxe \u00e9s molt m\u00e9s que un allotjament de prestigi; \u00e9s un monument a la hist\u00f2ria de Barcelona. Situat a la part alta del Passeig de Gr\u00e0cia, aquest edifici va ser projectat el 1911 per l&#8217;arquitecte Llu\u00eds Dom\u00e8nech i Montaner. Va ser un enc\u00e0rrec de l&#8217;empresari Mariano Fuster com a regal [&hellip;]\" \/>\n<meta property=\"og:url\" content=\"https:\/\/www.aleiarestaurant.com\/ca\/el-hotel\/\" \/>\n<meta property=\"og:site_name\" content=\"Aleia\" \/>\n<meta property=\"article:published_time\" content=\"2026-01-13T08:53:56+00:00\" \/>\n<meta property=\"article:modified_time\" content=\"2026-01-13T08:53:57+00:00\" \/>\n<meta property=\"og:image\" content=\"https:\/\/www.aleiarestaurant.com\/wp-content\/uploads\/2026\/01\/casa_fuser-scaled.webp\" \/>\n\t<meta property=\"og:image:width\" content=\"2560\" \/>\n\t<meta property=\"og:image:height\" content=\"2560\" \/>\n\t<meta property=\"og:image:type\" content=\"image\/webp\" \/>\n<meta name=\"author\" content=\"Paulo\" \/>\n<meta name=\"twitter:card\" content=\"summary_large_image\" \/>\n<meta name=\"twitter:label1\" content=\"Escrit per\" \/>\n\t<meta name=\"twitter:data1\" content=\"Paulo\" \/>\n\t<meta name=\"twitter:label2\" content=\"Temps estimat de lectura\" \/>\n\t<meta name=\"twitter:data2\" content=\"2 minuts\" \/>\n<script type=\"application\/ld+json\" class=\"yoast-schema-graph\">{\"@context\":\"https:\/\/schema.org\",\"@graph\":[{\"@type\":\"Article\",\"@id\":\"https:\/\/www.aleiarestaurant.com\/ca\/el-hotel\/#article\",\"isPartOf\":{\"@id\":\"https:\/\/www.aleiarestaurant.com\/ca\/el-hotel\/\"},\"author\":{\"name\":\"Paulo\",\"@id\":\"https:\/\/www.aleiarestaurant.com\/#\/schema\/person\/75bf79bca4fa0d0ac32977a366c56308\"},\"headline\":\"El Hotel\",\"datePublished\":\"2026-01-13T08:53:56+00:00\",\"dateModified\":\"2026-01-13T08:53:57+00:00\",\"mainEntityOfPage\":{\"@id\":\"https:\/\/www.aleiarestaurant.com\/ca\/el-hotel\/\"},\"wordCount\":328,\"commentCount\":0,\"image\":{\"@id\":\"https:\/\/www.aleiarestaurant.com\/ca\/el-hotel\/#primaryimage\"},\"thumbnailUrl\":\"https:\/\/www.aleiarestaurant.com\/wp-content\/uploads\/2026\/01\/casa_fuser-scaled.webp\",\"articleSection\":[\"Uncategorized @ca\"],\"inLanguage\":\"ca\",\"potentialAction\":[{\"@type\":\"CommentAction\",\"name\":\"Comment\",\"target\":[\"https:\/\/www.aleiarestaurant.com\/ca\/el-hotel\/#respond\"]}]},{\"@type\":\"WebPage\",\"@id\":\"https:\/\/www.aleiarestaurant.com\/ca\/el-hotel\/\",\"url\":\"https:\/\/www.aleiarestaurant.com\/ca\/el-hotel\/\",\"name\":\"El Hotel - Aleia\",\"isPartOf\":{\"@id\":\"https:\/\/www.aleiarestaurant.com\/#website\"},\"primaryImageOfPage\":{\"@id\":\"https:\/\/www.aleiarestaurant.com\/ca\/el-hotel\/#primaryimage\"},\"image\":{\"@id\":\"https:\/\/www.aleiarestaurant.com\/ca\/el-hotel\/#primaryimage\"},\"thumbnailUrl\":\"https:\/\/www.aleiarestaurant.com\/wp-content\/uploads\/2026\/01\/casa_fuser-scaled.webp\",\"datePublished\":\"2026-01-13T08:53:56+00:00\",\"dateModified\":\"2026-01-13T08:53:57+00:00\",\"author\":{\"@id\":\"https:\/\/www.aleiarestaurant.com\/#\/schema\/person\/75bf79bca4fa0d0ac32977a366c56308\"},\"breadcrumb\":{\"@id\":\"https:\/\/www.aleiarestaurant.com\/ca\/el-hotel\/#breadcrumb\"},\"inLanguage\":\"ca\",\"potentialAction\":[{\"@type\":\"ReadAction\",\"target\":[\"https:\/\/www.aleiarestaurant.com\/ca\/el-hotel\/\"]}]},{\"@type\":\"ImageObject\",\"inLanguage\":\"ca\",\"@id\":\"https:\/\/www.aleiarestaurant.com\/ca\/el-hotel\/#primaryimage\",\"url\":\"https:\/\/www.aleiarestaurant.com\/wp-content\/uploads\/2026\/01\/casa_fuser-scaled.webp\",\"contentUrl\":\"https:\/\/www.aleiarestaurant.com\/wp-content\/uploads\/2026\/01\/casa_fuser-scaled.webp\",\"width\":2560,\"height\":2560},{\"@type\":\"BreadcrumbList\",\"@id\":\"https:\/\/www.aleiarestaurant.com\/ca\/el-hotel\/#breadcrumb\",\"itemListElement\":[{\"@type\":\"ListItem\",\"position\":1,\"name\":\"Home\",\"item\":\"https:\/\/www.aleiarestaurant.com\/ca\/\"},{\"@type\":\"ListItem\",\"position\":2,\"name\":\"El Hotel\"}]},{\"@type\":\"WebSite\",\"@id\":\"https:\/\/www.aleiarestaurant.com\/#website\",\"url\":\"https:\/\/www.aleiarestaurant.com\/\",\"name\":\"Aleia\",\"description\":\"Restaurant in Barcelona\",\"potentialAction\":[{\"@type\":\"SearchAction\",\"target\":{\"@type\":\"EntryPoint\",\"urlTemplate\":\"https:\/\/www.aleiarestaurant.com\/?s={search_term_string}\"},\"query-input\":{\"@type\":\"PropertyValueSpecification\",\"valueRequired\":true,\"valueName\":\"search_term_string\"}}],\"inLanguage\":\"ca\"},{\"@type\":\"Person\",\"@id\":\"https:\/\/www.aleiarestaurant.com\/#\/schema\/person\/75bf79bca4fa0d0ac32977a366c56308\",\"name\":\"Paulo\",\"image\":{\"@type\":\"ImageObject\",\"inLanguage\":\"ca\",\"@id\":\"https:\/\/www.aleiarestaurant.com\/#\/schema\/person\/image\/\",\"url\":\"https:\/\/secure.gravatar.com\/avatar\/aefc464d4d2e40ea599773c367449cd6a7a06bb12988a8333f3caea8ae1345b7?s=96&d=mm&r=g\",\"contentUrl\":\"https:\/\/secure.gravatar.com\/avatar\/aefc464d4d2e40ea599773c367449cd6a7a06bb12988a8333f3caea8ae1345b7?s=96&d=mm&r=g\",\"caption\":\"Paulo\"},\"url\":\"https:\/\/www.aleiarestaurant.com\/ca\/author\/paulo\/\"}]}<\/script>\n<!-- \/ Yoast SEO plugin. -->","yoast_head_json":{"title":"El Hotel - Aleia","robots":{"index":"index","follow":"follow","max-snippet":"max-snippet:-1","max-image-preview":"max-image-preview:large","max-video-preview":"max-video-preview:-1"},"canonical":"https:\/\/www.aleiarestaurant.com\/ca\/el-hotel\/","og_locale":"ca_ES","og_type":"article","og_title":"El Hotel - Aleia","og_description":"L&#8217;Hotel Casa Fuster 5\u2605 Gran Luxe \u00e9s molt m\u00e9s que un allotjament de prestigi; \u00e9s un monument a la hist\u00f2ria de Barcelona. Situat a la part alta del Passeig de Gr\u00e0cia, aquest edifici va ser projectat el 1911 per l&#8217;arquitecte Llu\u00eds Dom\u00e8nech i Montaner. Va ser un enc\u00e0rrec de l&#8217;empresari Mariano Fuster com a regal [&hellip;]","og_url":"https:\/\/www.aleiarestaurant.com\/ca\/el-hotel\/","og_site_name":"Aleia","article_published_time":"2026-01-13T08:53:56+00:00","article_modified_time":"2026-01-13T08:53:57+00:00","og_image":[{"width":2560,"height":2560,"url":"https:\/\/www.aleiarestaurant.com\/wp-content\/uploads\/2026\/01\/casa_fuser-scaled.webp","type":"image\/webp"}],"author":"Paulo","twitter_card":"summary_large_image","twitter_misc":{"Escrit per":"Paulo","Temps estimat de lectura":"2 minuts"},"schema":{"@context":"https:\/\/schema.org","@graph":[{"@type":"Article","@id":"https:\/\/www.aleiarestaurant.com\/ca\/el-hotel\/#article","isPartOf":{"@id":"https:\/\/www.aleiarestaurant.com\/ca\/el-hotel\/"},"author":{"name":"Paulo","@id":"https:\/\/www.aleiarestaurant.com\/#\/schema\/person\/75bf79bca4fa0d0ac32977a366c56308"},"headline":"El Hotel","datePublished":"2026-01-13T08:53:56+00:00","dateModified":"2026-01-13T08:53:57+00:00","mainEntityOfPage":{"@id":"https:\/\/www.aleiarestaurant.com\/ca\/el-hotel\/"},"wordCount":328,"commentCount":0,"image":{"@id":"https:\/\/www.aleiarestaurant.com\/ca\/el-hotel\/#primaryimage"},"thumbnailUrl":"https:\/\/www.aleiarestaurant.com\/wp-content\/uploads\/2026\/01\/casa_fuser-scaled.webp","articleSection":["Uncategorized @ca"],"inLanguage":"ca","potentialAction":[{"@type":"CommentAction","name":"Comment","target":["https:\/\/www.aleiarestaurant.com\/ca\/el-hotel\/#respond"]}]},{"@type":"WebPage","@id":"https:\/\/www.aleiarestaurant.com\/ca\/el-hotel\/","url":"https:\/\/www.aleiarestaurant.com\/ca\/el-hotel\/","name":"El Hotel - Aleia","isPartOf":{"@id":"https:\/\/www.aleiarestaurant.com\/#website"},"primaryImageOfPage":{"@id":"https:\/\/www.aleiarestaurant.com\/ca\/el-hotel\/#primaryimage"},"image":{"@id":"https:\/\/www.aleiarestaurant.com\/ca\/el-hotel\/#primaryimage"},"thumbnailUrl":"https:\/\/www.aleiarestaurant.com\/wp-content\/uploads\/2026\/01\/casa_fuser-scaled.webp","datePublished":"2026-01-13T08:53:56+00:00","dateModified":"2026-01-13T08:53:57+00:00","author":{"@id":"https:\/\/www.aleiarestaurant.com\/#\/schema\/person\/75bf79bca4fa0d0ac32977a366c56308"},"breadcrumb":{"@id":"https:\/\/www.aleiarestaurant.com\/ca\/el-hotel\/#breadcrumb"},"inLanguage":"ca","potentialAction":[{"@type":"ReadAction","target":["https:\/\/www.aleiarestaurant.com\/ca\/el-hotel\/"]}]},{"@type":"ImageObject","inLanguage":"ca","@id":"https:\/\/www.aleiarestaurant.com\/ca\/el-hotel\/#primaryimage","url":"https:\/\/www.aleiarestaurant.com\/wp-content\/uploads\/2026\/01\/casa_fuser-scaled.webp","contentUrl":"https:\/\/www.aleiarestaurant.com\/wp-content\/uploads\/2026\/01\/casa_fuser-scaled.webp","width":2560,"height":2560},{"@type":"BreadcrumbList","@id":"https:\/\/www.aleiarestaurant.com\/ca\/el-hotel\/#breadcrumb","itemListElement":[{"@type":"ListItem","position":1,"name":"Home","item":"https:\/\/www.aleiarestaurant.com\/ca\/"},{"@type":"ListItem","position":2,"name":"El Hotel"}]},{"@type":"WebSite","@id":"https:\/\/www.aleiarestaurant.com\/#website","url":"https:\/\/www.aleiarestaurant.com\/","name":"Aleia","description":"Restaurant in Barcelona","potentialAction":[{"@type":"SearchAction","target":{"@type":"EntryPoint","urlTemplate":"https:\/\/www.aleiarestaurant.com\/?s={search_term_string}"},"query-input":{"@type":"PropertyValueSpecification","valueRequired":true,"valueName":"search_term_string"}}],"inLanguage":"ca"},{"@type":"Person","@id":"https:\/\/www.aleiarestaurant.com\/#\/schema\/person\/75bf79bca4fa0d0ac32977a366c56308","name":"Paulo","image":{"@type":"ImageObject","inLanguage":"ca","@id":"https:\/\/www.aleiarestaurant.com\/#\/schema\/person\/image\/","url":"https:\/\/secure.gravatar.com\/avatar\/aefc464d4d2e40ea599773c367449cd6a7a06bb12988a8333f3caea8ae1345b7?s=96&d=mm&r=g","contentUrl":"https:\/\/secure.gravatar.com\/avatar\/aefc464d4d2e40ea599773c367449cd6a7a06bb12988a8333f3caea8ae1345b7?s=96&d=mm&r=g","caption":"Paulo"},"url":"https:\/\/www.aleiarestaurant.com\/ca\/author\/paulo\/"}]}},"_links":{"self":[{"href":"https:\/\/www.aleiarestaurant.com\/ca\/wp-json\/wp\/v2\/posts\/987","targetHints":{"allow":["GET"]}}],"collection":[{"href":"https:\/\/www.aleiarestaurant.com\/ca\/wp-json\/wp\/v2\/posts"}],"about":[{"href":"https:\/\/www.aleiarestaurant.com\/ca\/wp-json\/wp\/v2\/types\/post"}],"author":[{"embeddable":true,"href":"https:\/\/www.aleiarestaurant.com\/ca\/wp-json\/wp\/v2\/users\/7"}],"replies":[{"embeddable":true,"href":"https:\/\/www.aleiarestaurant.com\/ca\/wp-json\/wp\/v2\/comments?post=987"}],"version-history":[{"count":1,"href":"https:\/\/www.aleiarestaurant.com\/ca\/wp-json\/wp\/v2\/posts\/987\/revisions"}],"predecessor-version":[{"id":988,"href":"https:\/\/www.aleiarestaurant.com\/ca\/wp-json\/wp\/v2\/posts\/987\/revisions\/988"}],"wp:featuredmedia":[{"embeddable":true,"href":"https:\/\/www.aleiarestaurant.com\/ca\/wp-json\/wp\/v2\/media\/761"}],"wp:attachment":[{"href":"https:\/\/www.aleiarestaurant.com\/ca\/wp-json\/wp\/v2\/media?parent=987"}],"wp:term":[{"taxonomy":"category","embeddable":true,"href":"https:\/\/www.aleiarestaurant.com\/ca\/wp-json\/wp\/v2\/categories?post=987"},{"taxonomy":"post_tag","embeddable":true,"href":"https:\/\/www.aleiarestaurant.com\/ca\/wp-json\/wp\/v2\/tags?post=987"}],"curies":[{"name":"wp","href":"https:\/\/api.w.org\/{rel}","templated":true}]}}