{"id":984,"date":"2026-01-13T08:52:16","date_gmt":"2026-01-13T08:52:16","guid":{"rendered":"https:\/\/www.aleiarestaurant.com\/?p=984"},"modified":"2026-01-13T08:52:17","modified_gmt":"2026-01-13T08:52:17","slug":"el-restaurant","status":"publish","type":"post","link":"https:\/\/www.aleiarestaurant.com\/ca\/el-restaurant\/","title":{"rendered":"El Restaurant"},"content":{"rendered":"\n<h3 class=\"wp-block-heading\">Aleia: Una experi\u00e8ncia gastron\u00f2mica a l&#8217;emblema del modernisme<\/h3>\n\n\n\n<p>Al punt m\u00e9s alt del Passeig de Gr\u00e0cia, Aleia habita la zona noble de l&#8217;Hotel Casa Fuster, una obra mestra de Llu\u00eds Dom\u00e8nech i Montaner que representa l&#8217;esplendor del modernisme catal\u00e0. El restaurant s&#8217;integra en aquest entorn hist\u00f2ric respectant l&#8217;eleg\u00e0ncia dels finestrals i la llum natural que inunda la sala, creant un refugi de serenitat al centre de Barcelona. \u00c9s aqu\u00ed on l&#8217;arquitectura del 1911 i l&#8217;alta cuina contempor\u00e0nia es troben per oferir una experi\u00e8ncia que transcendeix all\u00f2 culinari i es converteix en un recorregut per la bellesa i la hist\u00f2ria de la ciutat.<\/p>\n\n\n\n<p>Aquest projecte, liderat per la visi\u00f3 de Paulo Airaudo, ha consolidat la seva identitat sota la direcci\u00f3 de cuina del xef de Jerez Rafa de Bedoya. Des de la seva obertura al desembre de 2021, la traject\u00f2ria d&#8217;Aleia ha estat ascendent, aconseguint la seva primera distinci\u00f3 tot just un any despr\u00e9s i aconseguint la seva segona Estrella Michelin al novembre de 2025, a m\u00e9s de comptar amb un Sol Repsol. Rafa de Bedoya ha sabut imprimir la seva pr\u00f2pia empremta a la casa, dissenyant una proposta que utilitza la t\u00e8cnica d&#8217;avantguarda per unir la intensitat de les arrels andaluses amb la frescor i la delicadesa del producte mediterrani de l&#8217;entorn.<\/p>\n\n\n\n<p>La proposta s&#8217;articula mitjan\u00e7ant un men\u00fa degustaci\u00f3 de temporada que convida a un viatge pausat pel sabor, on cada passi reflecteix el respecte absolut pel producte i la temporalitat. Aquesta immersi\u00f3 sensorial es completa amb un celler acuradament seleccionat, que ofereix maridatges amb vins nacionals i internacionals \u2014amb una atenci\u00f3 especial als generosos\u2014 i una sofisticada alternativa de maridatge sense alcohol. Sota la direcci\u00f3 de Paula Miguel, el servei a la sala es desplega amb una hospitalitat atenta i minuciosa, on el luxe es manifesta en els petits detalls i en un tracte personalitzat que fa que cada comensal se senti el protagonista de la vetllada.<\/p>\n\n\n\n<p>Aleia \u00e9s el dest\u00ed ideal per als que busquen viure moments significatius en un escenari incomparable. Les parelles troben a la nostra sala l&#8217;ambient idoni per a celebracions rom\u00e0ntiques que requereixen una exclusivitat i una atmosfera \u00edntima. Pel m\u00f3n corporatiu, el restaurant ofereix la discreci\u00f3 i prestigi necessaris per a trobades de negocis i reunions professionals d&#8217;alt nivell a Barcelona. Tamb\u00e9 som el punt de refer\u00e8ncia per als viatgers internacionals i entusiastes de la Guia Michelin que volen descobrir l&#8217;ess\u00e8ncia de la gastronomia local a trav\u00e9s d&#8217;una proposta amb segell propi i una execuci\u00f3 t\u00e8cnica de primer ordre.<\/p>\n","protected":false},"excerpt":{"rendered":"<p>Aleia: Una experi\u00e8ncia gastron\u00f2mica a l&#8217;emblema del modernisme Al punt m\u00e9s alt del Passeig de Gr\u00e0cia, Aleia habita la zona noble de l&#8217;Hotel Casa Fuster, una obra mestra de Llu\u00eds Dom\u00e8nech i Montaner que representa l&#8217;esplendor del modernisme catal\u00e0. El restaurant s&#8217;integra en aquest entorn hist\u00f2ric respectant l&#8217;eleg\u00e0ncia dels finestrals i la llum natural que [&hellip;]<\/p>\n","protected":false},"author":7,"featured_media":666,"comment_status":"open","ping_status":"open","sticky":false,"template":"","format":"standard","meta":{"footnotes":""},"categories":[24],"tags":[],"class_list":["post-984","post","type-post","status-publish","format-standard","has-post-thumbnail","hentry","category-uncategorized-ca"],"yoast_head":"<!-- This site is optimized with the Yoast SEO plugin v26.7 - https:\/\/yoast.com\/wordpress\/plugins\/seo\/ -->\n<title>El Restaurant - Aleia<\/title>\n<meta name=\"robots\" content=\"index, follow, max-snippet:-1, max-image-preview:large, max-video-preview:-1\" \/>\n<link rel=\"canonical\" href=\"https:\/\/www.aleiarestaurant.com\/ca\/el-restaurant\/\" \/>\n<meta property=\"og:locale\" content=\"ca_ES\" \/>\n<meta property=\"og:type\" content=\"article\" \/>\n<meta property=\"og:title\" content=\"El Restaurant - Aleia\" \/>\n<meta property=\"og:description\" content=\"Aleia: Una experi\u00e8ncia gastron\u00f2mica a l&#8217;emblema del modernisme Al punt m\u00e9s alt del Passeig de Gr\u00e0cia, Aleia habita la zona noble de l&#8217;Hotel Casa Fuster, una obra mestra de Llu\u00eds Dom\u00e8nech i Montaner que representa l&#8217;esplendor del modernisme catal\u00e0. El restaurant s&#8217;integra en aquest entorn hist\u00f2ric respectant l&#8217;eleg\u00e0ncia dels finestrals i la llum natural que [&hellip;]\" \/>\n<meta property=\"og:url\" content=\"https:\/\/www.aleiarestaurant.com\/ca\/el-restaurant\/\" \/>\n<meta property=\"og:site_name\" content=\"Aleia\" \/>\n<meta property=\"article:published_time\" content=\"2026-01-13T08:52:16+00:00\" \/>\n<meta property=\"article:modified_time\" content=\"2026-01-13T08:52:17+00:00\" \/>\n<meta property=\"og:image\" content=\"https:\/\/www.aleiarestaurant.com\/wp-content\/uploads\/2025\/12\/aleia-restaurant-barcelona-2-estrellas-michelin_0005_image00010.jpg\" \/>\n\t<meta property=\"og:image:width\" content=\"1179\" \/>\n\t<meta property=\"og:image:height\" content=\"1494\" \/>\n\t<meta property=\"og:image:type\" content=\"image\/jpeg\" \/>\n<meta name=\"author\" content=\"Paulo\" \/>\n<meta name=\"twitter:card\" content=\"summary_large_image\" \/>\n<meta name=\"twitter:label1\" content=\"Escrit per\" \/>\n\t<meta name=\"twitter:data1\" content=\"Paulo\" \/>\n\t<meta name=\"twitter:label2\" content=\"Temps estimat de lectura\" \/>\n\t<meta name=\"twitter:data2\" content=\"2 minuts\" \/>\n<script type=\"application\/ld+json\" class=\"yoast-schema-graph\">{\"@context\":\"https:\/\/schema.org\",\"@graph\":[{\"@type\":\"Article\",\"@id\":\"https:\/\/www.aleiarestaurant.com\/ca\/el-restaurant\/#article\",\"isPartOf\":{\"@id\":\"https:\/\/www.aleiarestaurant.com\/ca\/el-restaurant\/\"},\"author\":{\"name\":\"Paulo\",\"@id\":\"https:\/\/www.aleiarestaurant.com\/#\/schema\/person\/75bf79bca4fa0d0ac32977a366c56308\"},\"headline\":\"El Restaurant\",\"datePublished\":\"2026-01-13T08:52:16+00:00\",\"dateModified\":\"2026-01-13T08:52:17+00:00\",\"mainEntityOfPage\":{\"@id\":\"https:\/\/www.aleiarestaurant.com\/ca\/el-restaurant\/\"},\"wordCount\":438,\"commentCount\":0,\"image\":{\"@id\":\"https:\/\/www.aleiarestaurant.com\/ca\/el-restaurant\/#primaryimage\"},\"thumbnailUrl\":\"https:\/\/www.aleiarestaurant.com\/wp-content\/uploads\/2025\/12\/aleia-restaurant-barcelona-2-estrellas-michelin_0005_image00010.jpg\",\"articleSection\":[\"Uncategorized @ca\"],\"inLanguage\":\"ca\",\"potentialAction\":[{\"@type\":\"CommentAction\",\"name\":\"Comment\",\"target\":[\"https:\/\/www.aleiarestaurant.com\/ca\/el-restaurant\/#respond\"]}]},{\"@type\":\"WebPage\",\"@id\":\"https:\/\/www.aleiarestaurant.com\/ca\/el-restaurant\/\",\"url\":\"https:\/\/www.aleiarestaurant.com\/ca\/el-restaurant\/\",\"name\":\"El Restaurant - Aleia\",\"isPartOf\":{\"@id\":\"https:\/\/www.aleiarestaurant.com\/#website\"},\"primaryImageOfPage\":{\"@id\":\"https:\/\/www.aleiarestaurant.com\/ca\/el-restaurant\/#primaryimage\"},\"image\":{\"@id\":\"https:\/\/www.aleiarestaurant.com\/ca\/el-restaurant\/#primaryimage\"},\"thumbnailUrl\":\"https:\/\/www.aleiarestaurant.com\/wp-content\/uploads\/2025\/12\/aleia-restaurant-barcelona-2-estrellas-michelin_0005_image00010.jpg\",\"datePublished\":\"2026-01-13T08:52:16+00:00\",\"dateModified\":\"2026-01-13T08:52:17+00:00\",\"author\":{\"@id\":\"https:\/\/www.aleiarestaurant.com\/#\/schema\/person\/75bf79bca4fa0d0ac32977a366c56308\"},\"breadcrumb\":{\"@id\":\"https:\/\/www.aleiarestaurant.com\/ca\/el-restaurant\/#breadcrumb\"},\"inLanguage\":\"ca\",\"potentialAction\":[{\"@type\":\"ReadAction\",\"target\":[\"https:\/\/www.aleiarestaurant.com\/ca\/el-restaurant\/\"]}]},{\"@type\":\"ImageObject\",\"inLanguage\":\"ca\",\"@id\":\"https:\/\/www.aleiarestaurant.com\/ca\/el-restaurant\/#primaryimage\",\"url\":\"https:\/\/www.aleiarestaurant.com\/wp-content\/uploads\/2025\/12\/aleia-restaurant-barcelona-2-estrellas-michelin_0005_image00010.jpg\",\"contentUrl\":\"https:\/\/www.aleiarestaurant.com\/wp-content\/uploads\/2025\/12\/aleia-restaurant-barcelona-2-estrellas-michelin_0005_image00010.jpg\",\"width\":1179,\"height\":1494},{\"@type\":\"BreadcrumbList\",\"@id\":\"https:\/\/www.aleiarestaurant.com\/ca\/el-restaurant\/#breadcrumb\",\"itemListElement\":[{\"@type\":\"ListItem\",\"position\":1,\"name\":\"Home\",\"item\":\"https:\/\/www.aleiarestaurant.com\/ca\/\"},{\"@type\":\"ListItem\",\"position\":2,\"name\":\"El Restaurant\"}]},{\"@type\":\"WebSite\",\"@id\":\"https:\/\/www.aleiarestaurant.com\/#website\",\"url\":\"https:\/\/www.aleiarestaurant.com\/\",\"name\":\"Aleia\",\"description\":\"Restaurant in Barcelona\",\"potentialAction\":[{\"@type\":\"SearchAction\",\"target\":{\"@type\":\"EntryPoint\",\"urlTemplate\":\"https:\/\/www.aleiarestaurant.com\/?s={search_term_string}\"},\"query-input\":{\"@type\":\"PropertyValueSpecification\",\"valueRequired\":true,\"valueName\":\"search_term_string\"}}],\"inLanguage\":\"ca\"},{\"@type\":\"Person\",\"@id\":\"https:\/\/www.aleiarestaurant.com\/#\/schema\/person\/75bf79bca4fa0d0ac32977a366c56308\",\"name\":\"Paulo\",\"image\":{\"@type\":\"ImageObject\",\"inLanguage\":\"ca\",\"@id\":\"https:\/\/www.aleiarestaurant.com\/#\/schema\/person\/image\/\",\"url\":\"https:\/\/secure.gravatar.com\/avatar\/aefc464d4d2e40ea599773c367449cd6a7a06bb12988a8333f3caea8ae1345b7?s=96&d=mm&r=g\",\"contentUrl\":\"https:\/\/secure.gravatar.com\/avatar\/aefc464d4d2e40ea599773c367449cd6a7a06bb12988a8333f3caea8ae1345b7?s=96&d=mm&r=g\",\"caption\":\"Paulo\"},\"url\":\"https:\/\/www.aleiarestaurant.com\/ca\/author\/paulo\/\"}]}<\/script>\n<!-- \/ Yoast SEO plugin. -->","yoast_head_json":{"title":"El Restaurant - Aleia","robots":{"index":"index","follow":"follow","max-snippet":"max-snippet:-1","max-image-preview":"max-image-preview:large","max-video-preview":"max-video-preview:-1"},"canonical":"https:\/\/www.aleiarestaurant.com\/ca\/el-restaurant\/","og_locale":"ca_ES","og_type":"article","og_title":"El Restaurant - Aleia","og_description":"Aleia: Una experi\u00e8ncia gastron\u00f2mica a l&#8217;emblema del modernisme Al punt m\u00e9s alt del Passeig de Gr\u00e0cia, Aleia habita la zona noble de l&#8217;Hotel Casa Fuster, una obra mestra de Llu\u00eds Dom\u00e8nech i Montaner que representa l&#8217;esplendor del modernisme catal\u00e0. El restaurant s&#8217;integra en aquest entorn hist\u00f2ric respectant l&#8217;eleg\u00e0ncia dels finestrals i la llum natural que [&hellip;]","og_url":"https:\/\/www.aleiarestaurant.com\/ca\/el-restaurant\/","og_site_name":"Aleia","article_published_time":"2026-01-13T08:52:16+00:00","article_modified_time":"2026-01-13T08:52:17+00:00","og_image":[{"width":1179,"height":1494,"url":"https:\/\/www.aleiarestaurant.com\/wp-content\/uploads\/2025\/12\/aleia-restaurant-barcelona-2-estrellas-michelin_0005_image00010.jpg","type":"image\/jpeg"}],"author":"Paulo","twitter_card":"summary_large_image","twitter_misc":{"Escrit per":"Paulo","Temps estimat de lectura":"2 minuts"},"schema":{"@context":"https:\/\/schema.org","@graph":[{"@type":"Article","@id":"https:\/\/www.aleiarestaurant.com\/ca\/el-restaurant\/#article","isPartOf":{"@id":"https:\/\/www.aleiarestaurant.com\/ca\/el-restaurant\/"},"author":{"name":"Paulo","@id":"https:\/\/www.aleiarestaurant.com\/#\/schema\/person\/75bf79bca4fa0d0ac32977a366c56308"},"headline":"El Restaurant","datePublished":"2026-01-13T08:52:16+00:00","dateModified":"2026-01-13T08:52:17+00:00","mainEntityOfPage":{"@id":"https:\/\/www.aleiarestaurant.com\/ca\/el-restaurant\/"},"wordCount":438,"commentCount":0,"image":{"@id":"https:\/\/www.aleiarestaurant.com\/ca\/el-restaurant\/#primaryimage"},"thumbnailUrl":"https:\/\/www.aleiarestaurant.com\/wp-content\/uploads\/2025\/12\/aleia-restaurant-barcelona-2-estrellas-michelin_0005_image00010.jpg","articleSection":["Uncategorized @ca"],"inLanguage":"ca","potentialAction":[{"@type":"CommentAction","name":"Comment","target":["https:\/\/www.aleiarestaurant.com\/ca\/el-restaurant\/#respond"]}]},{"@type":"WebPage","@id":"https:\/\/www.aleiarestaurant.com\/ca\/el-restaurant\/","url":"https:\/\/www.aleiarestaurant.com\/ca\/el-restaurant\/","name":"El Restaurant - Aleia","isPartOf":{"@id":"https:\/\/www.aleiarestaurant.com\/#website"},"primaryImageOfPage":{"@id":"https:\/\/www.aleiarestaurant.com\/ca\/el-restaurant\/#primaryimage"},"image":{"@id":"https:\/\/www.aleiarestaurant.com\/ca\/el-restaurant\/#primaryimage"},"thumbnailUrl":"https:\/\/www.aleiarestaurant.com\/wp-content\/uploads\/2025\/12\/aleia-restaurant-barcelona-2-estrellas-michelin_0005_image00010.jpg","datePublished":"2026-01-13T08:52:16+00:00","dateModified":"2026-01-13T08:52:17+00:00","author":{"@id":"https:\/\/www.aleiarestaurant.com\/#\/schema\/person\/75bf79bca4fa0d0ac32977a366c56308"},"breadcrumb":{"@id":"https:\/\/www.aleiarestaurant.com\/ca\/el-restaurant\/#breadcrumb"},"inLanguage":"ca","potentialAction":[{"@type":"ReadAction","target":["https:\/\/www.aleiarestaurant.com\/ca\/el-restaurant\/"]}]},{"@type":"ImageObject","inLanguage":"ca","@id":"https:\/\/www.aleiarestaurant.com\/ca\/el-restaurant\/#primaryimage","url":"https:\/\/www.aleiarestaurant.com\/wp-content\/uploads\/2025\/12\/aleia-restaurant-barcelona-2-estrellas-michelin_0005_image00010.jpg","contentUrl":"https:\/\/www.aleiarestaurant.com\/wp-content\/uploads\/2025\/12\/aleia-restaurant-barcelona-2-estrellas-michelin_0005_image00010.jpg","width":1179,"height":1494},{"@type":"BreadcrumbList","@id":"https:\/\/www.aleiarestaurant.com\/ca\/el-restaurant\/#breadcrumb","itemListElement":[{"@type":"ListItem","position":1,"name":"Home","item":"https:\/\/www.aleiarestaurant.com\/ca\/"},{"@type":"ListItem","position":2,"name":"El Restaurant"}]},{"@type":"WebSite","@id":"https:\/\/www.aleiarestaurant.com\/#website","url":"https:\/\/www.aleiarestaurant.com\/","name":"Aleia","description":"Restaurant in Barcelona","potentialAction":[{"@type":"SearchAction","target":{"@type":"EntryPoint","urlTemplate":"https:\/\/www.aleiarestaurant.com\/?s={search_term_string}"},"query-input":{"@type":"PropertyValueSpecification","valueRequired":true,"valueName":"search_term_string"}}],"inLanguage":"ca"},{"@type":"Person","@id":"https:\/\/www.aleiarestaurant.com\/#\/schema\/person\/75bf79bca4fa0d0ac32977a366c56308","name":"Paulo","image":{"@type":"ImageObject","inLanguage":"ca","@id":"https:\/\/www.aleiarestaurant.com\/#\/schema\/person\/image\/","url":"https:\/\/secure.gravatar.com\/avatar\/aefc464d4d2e40ea599773c367449cd6a7a06bb12988a8333f3caea8ae1345b7?s=96&d=mm&r=g","contentUrl":"https:\/\/secure.gravatar.com\/avatar\/aefc464d4d2e40ea599773c367449cd6a7a06bb12988a8333f3caea8ae1345b7?s=96&d=mm&r=g","caption":"Paulo"},"url":"https:\/\/www.aleiarestaurant.com\/ca\/author\/paulo\/"}]}},"_links":{"self":[{"href":"https:\/\/www.aleiarestaurant.com\/ca\/wp-json\/wp\/v2\/posts\/984","targetHints":{"allow":["GET"]}}],"collection":[{"href":"https:\/\/www.aleiarestaurant.com\/ca\/wp-json\/wp\/v2\/posts"}],"about":[{"href":"https:\/\/www.aleiarestaurant.com\/ca\/wp-json\/wp\/v2\/types\/post"}],"author":[{"embeddable":true,"href":"https:\/\/www.aleiarestaurant.com\/ca\/wp-json\/wp\/v2\/users\/7"}],"replies":[{"embeddable":true,"href":"https:\/\/www.aleiarestaurant.com\/ca\/wp-json\/wp\/v2\/comments?post=984"}],"version-history":[{"count":1,"href":"https:\/\/www.aleiarestaurant.com\/ca\/wp-json\/wp\/v2\/posts\/984\/revisions"}],"predecessor-version":[{"id":986,"href":"https:\/\/www.aleiarestaurant.com\/ca\/wp-json\/wp\/v2\/posts\/984\/revisions\/986"}],"wp:featuredmedia":[{"embeddable":true,"href":"https:\/\/www.aleiarestaurant.com\/ca\/wp-json\/wp\/v2\/media\/666"}],"wp:attachment":[{"href":"https:\/\/www.aleiarestaurant.com\/ca\/wp-json\/wp\/v2\/media?parent=984"}],"wp:term":[{"taxonomy":"category","embeddable":true,"href":"https:\/\/www.aleiarestaurant.com\/ca\/wp-json\/wp\/v2\/categories?post=984"},{"taxonomy":"post_tag","embeddable":true,"href":"https:\/\/www.aleiarestaurant.com\/ca\/wp-json\/wp\/v2\/tags?post=984"}],"curies":[{"name":"wp","href":"https:\/\/api.w.org\/{rel}","templated":true}]}}